[{"@context":"https:\/\/schema.org\/","@type":"Article","@id":"https:\/\/www.msbi.cz\/kdyz-nechceme-mit-ples\/#Article","mainEntityOfPage":"https:\/\/www.msbi.cz\/kdyz-nechceme-mit-ples\/","headline":"Kdy\u017e nechceme m\u00edt ple\u0161","name":"Kdy\u017e nechceme m\u00edt ple\u0161","description":"Podle v\u00fdzkum\u016f pr\u00fd jeden vlas \u017eije \u0161est a\u017e sedm let, ne\u017e vypadne, b\u011bhem dne n\u00e1m v\u0161ak vypadne kolem stovky [&hellip;]","datePublished":"2023-05-07","dateModified":"2023-05-07","author":{"@type":"Person","@id":"https:\/\/www.msbi.cz\/author\/#Person","name":"","url":"https:\/\/www.msbi.cz\/author\/","identifier":1,"image":{"@type":"ImageObject","@id":"https:\/\/secure.gravatar.com\/avatar\/86b519ae28c05e7834416117bec12e679aa78b8940db1f26d4a52ad5648f8c3a?s=96&d=mm&r=g","url":"https:\/\/secure.gravatar.com\/avatar\/86b519ae28c05e7834416117bec12e679aa78b8940db1f26d4a52ad5648f8c3a?s=96&d=mm&r=g","height":96,"width":96}},"publisher":{"@type":"Organization","name":"msbi.cz","logo":{"@type":"ImageObject","@id":"\/logo.png","url":"\/logo.png","width":600,"height":60}},"image":{"@type":"ImageObject","@id":"https:\/\/www.msbi.cz\/wp-content\/uploads\/img_a286491_w2231_t1496085034.jpg","url":"https:\/\/www.msbi.cz\/wp-content\/uploads\/img_a286491_w2231_t1496085034.jpg","height":0,"width":0},"url":"https:\/\/www.msbi.cz\/kdyz-nechceme-mit-ples\/","wordCount":482,"articleBody":"Podle v\u00fdzkum\u016f pr\u00fd jeden vlas \u017eije \u0161est a\u017e sedm let, ne\u017e vypadne, b\u011bhem dne n\u00e1m v\u0161ak vypadne kolem stovky vlas\u016f, nejrychleji vlasy rostou ve sp\u00e1nku a v l\u00e9t\u011b, tvrzen\u00ed, \u017ee slun\u00ed\u010dko na\u0161e vlasy ni\u010d\u00ed, je pravda jen \u010d\u00e1ste\u010dn\u00e1, tak\u00e9 jim dod\u00e1v\u00e1 vitam\u00edny na r\u016fst a obnovu, jen se mu nesm\u00edme vystavovat zase p\u0159\u00edli\u0161, proto\u017ee m\u016f\u017ee po\u0161kodit vlasov\u00e9 folikuly.Nebudeme se ale bavit o b\u011b\u017en\u00e9m vypad\u00e1v\u00e1n\u00ed vlas\u016f, kter\u00e9 ka\u017ed\u00fd den pro\u017e\u00edv\u00e1 ka\u017ed\u00fd z n\u00e1s, ale o extr\u00e9mn\u00edm vypad\u00e1v\u00e1n\u00ed, kter\u00e9 postihuje sice sp\u00ed\u0161e mu\u017ee, kter\u00fdm se v ur\u010dit\u00e9m v\u011bku d\u00edky hormon\u016fm m\u016f\u017ee za\u010d\u00edt tvo\u0159it ple\u0161, za\u010dnou jim vlasy vypad\u00e1vat v\u00edc, u n\u011bkter\u00fdch mu\u017e\u016f to m\u016f\u017ee b\u00fdt ovlivn\u011bno i geneticky, \u017ee je to postihne u\u017e v mlad\u0161\u00edm v\u011bku.\u017deny si probl\u00e9my s vypad\u00e1v\u00e1n\u00edm vlas\u016f \u010dasto zp\u016fsobuj\u00ed samy \u2013 \u010dast\u00e9 barven\u00ed, f\u00e9nov\u00e1n\u00ed, kulmov\u00e1n\u00ed, \u017eehlen\u00ed, chemick\u00e1 preparace, nebo tak\u00e9 \u010dast\u00fd stres, to v\u0161e m\u00e1 za n\u00e1sledek vypad\u00e1v\u00e1n\u00ed vlas\u016f. U \u017een pad\u00e1n\u00ed vlas\u016f tak\u00e9 hodn\u011b ovliv\u0148uj\u00ed hormony.Nejrizikov\u011bj\u0161\u00ed faktory jsou:&#8211;\u00a0\u00a0\u00a0\u00a0\u00a0\u00a0\u00a0 t\u011bhotenstv\u00ed a porod&#8211;\u00a0\u00a0\u00a0\u00a0\u00a0\u00a0\u00a0 u\u017e\u00edv\u00e1n\u00ed hormon\u00e1ln\u00ed antikoncepce nebo u\u017e\u00edv\u00e1n\u00ed hormon\u016f p\u0159i menopauze&#8211;\u00a0\u00a0\u00a0\u00a0\u00a0\u00a0\u00a0 v\u011bk&#8211;\u00a0\u00a0\u00a0\u00a0\u00a0\u00a0\u00a0 stres, deprese&#8211;\u00a0\u00a0\u00a0\u00a0\u00a0\u00a0\u00a0 a v neposledn\u00ed \u0159ad\u011b tak\u00e9 d\u011bdi\u010dnostJak s vypad\u00e1v\u00e1n\u00edm vlas\u016f bojovat:Abyste dos\u00e1hli hust\u011bj\u0161\u00edch vlas\u016f, z\u00e1kladem je starat se o sv\u00e9 t\u011blo zevnit\u0159, pokud nem\u00e1te dostatek z\u00e1kladn\u00edch \u017eivin, snadno V\u00e1m potom za\u010dnou padat.&#8211;\u00a0\u00a0\u00a0\u00a0\u00a0\u00a0\u00a0 m\u016f\u017eete m\u00edt nap\u0159. m\u00e1lo \u017eeleza \u2013 jezte vejce, lu\u0161t\u011bniny, ovoce, ryby, maso, su\u0161en\u00e9 ovoce&#8211;\u00a0\u00a0\u00a0\u00a0\u00a0\u00a0\u00a0 ryb\u00ed tuk\u2013 makrela, losos a tu\u0148\u00e1k by m\u011bli b\u00fdt sou\u010d\u00e1st\u00ed Va\u0161eho j\u00eddeln\u00ed\u010dku alespo\u0148 2x t\u00fddn\u011b&#8211;\u00a0\u00a0\u00a0\u00a0\u00a0\u00a0\u00a0 mo\u0159sk\u00e9 \u0159asy\u2013 m\u016f\u017eete je pou\u017e\u00edt do pol\u00e9vek, sal\u00e1t\u016f a hlavn\u011b v sushi, mo\u0159sk\u00e9 \u0159asy jsou ide\u00e1ln\u00ed zdroj v\u00fd\u017eivy pro Va\u0161e vlasy&#8211;\u00a0\u00a0\u00a0\u00a0\u00a0\u00a0\u00a0 NESTRESUJTE SE\u2013 pokud budete dlouhodob\u011b vystaveni stresu, sice ne hned, ale po ur\u010dit\u00e9 dob\u011b V\u00e1m vlasy vypad\u00e1vat za\u010dnouTak\u00e9 samoz\u0159ejm\u011b existuje varianta i pro ty, kte\u0159\u00ed znaj\u00ed svou p\u0159\u00ed\u010dinu vypad\u00e1v\u00e1n\u00ed vlas\u016f, a nen\u00ed pro n\u011b mo\u017en\u00e1 \u017e\u00e1dn\u00e1 l\u00e9\u010dba, a to je nast\u0159elov\u00e1n\u00ed vlas\u016f.&#8211;\u00a0\u00a0\u00a0\u00a0\u00a0\u00a0\u00a0 nejd\u0159\u00edve se seznamte se v\u0161emi mo\u017en\u00fdmi postupy nast\u0159elov\u00e1n\u00ed&#8211;\u00a0\u00a0\u00a0\u00a0\u00a0\u00a0\u00a0 vyberte si spr\u00e1vnou kliniku, pokud si n\u011bkterou vyberete, zkuste nap\u0159. na internetu vyhledat \u201evyl\u00e9\u010den\u00e9ho\u201c pacienta a proberte s n\u00edm, jak byl na dan\u00e9 klinice spokojen\u00fd&#8211;\u00a0\u00a0\u00a0\u00a0\u00a0\u00a0\u00a0 p\u0159ipravte se na to, \u017ee z\u00e1krok budete muset podstoupit v\u00edckr\u00e1t pro \u00fapln\u00e9 zahu\u0161t\u011bn\u00ed vlasov\u00e9 poko\u017eky.                                                                                                                                                                                                                                                                                                                                                                                        4.4\/5 - (18 votes)        "},{"@context":"https:\/\/schema.org\/","@type":"BreadcrumbList","itemListElement":[{"@type":"ListItem","position":1,"name":"Kdy\u017e nechceme m\u00edt ple\u0161","item":"https:\/\/www.msbi.cz\/kdyz-nechceme-mit-ples\/#breadcrumbitem"}]}]